
{"id":1499,"date":"2022-01-26T10:51:10","date_gmt":"2022-01-26T10:51:10","guid":{"rendered":"https:\/\/www.storkrentals.ie\/alicante\/?p=1499"},"modified":"2022-01-26T10:51:10","modified_gmt":"2022-01-26T10:51:10","slug":"stork-recomienda-los-4-mejores-cochecitos-de-viaje","status":"publish","type":"post","link":"https:\/\/www.storkrentals.ie\/alicante\/stork-recomienda-los-4-mejores-cochecitos-de-viaje\/","title":{"rendered":"Stork Recomienda: Los 4 Mejores Cochecitos de Viaje"},"content":{"rendered":"<p>Viajes en avi\u00f3n, vacaciones familiares, en nuestra l\u00ednea de trabajo (alquiler de art\u00edculos para beb\u00e9s) siempre estamos buscando excelentes productos de viaje. \u00a1Probamos muchos, pero muy pocos conforman la selecci\u00f3n final! Somos como el factor X de los equipos para beb\u00e9s! Un cochecito de viaje es una cosa ligeramente diferente a tu cochecito de todos los d\u00edas.\u00a0Extra\u00f1amente hay muy pocos cochecitos de diario que sean buenos cochecitos de viaje.\u00a0En t\u00e9rminos generales, el cochecito de diario es demasiado pesado y voluminoso para viajar.<\/p>\n<h5>Cuando se trata de carritos de viaje las caracter\u00edsticas clave que buscamos son;<\/h5>\n<ul>\n<li>Que es liviano, para que puedas llevarlo f\u00e1cilmente cuando tu personita independiente quiera caminar.<\/li>\n<li>(Puntos adicionales para caracter\u00edsticas como correas acolchadas para los hombros y asas).<\/li>\n<li>Debe tener una reclinaci\u00f3n completa.<\/li>\n<li>No es negociable en absoluto que sea compacto;\u00a0tan compacto que pueda caber en los compartimentos superiores y puede guardarse f\u00e1cilmente en el maletero del coche lleno de maletas.<\/li>\n<li>Que sea f\u00e1cil de plegar es absolutamente esencial tambi\u00e9n, preferiblemente con una sola mano.<\/li>\n<li>Tambi\u00e9n tiene que poder plegarse en una sola pieza; sin perder el tiempo desmontando los asientos del chasis, ni correr el riesgo de que la mitad no llegue a destino.<\/li>\n<li>Los impermeables y parasoles son obligatorios.\u00a0Ser compatible con un asiento de autom\u00f3vil es una ventaja, al igual que una bolsa de viaje.<\/li>\n<\/ul>\n<p>Entonces, sin m\u00e1s pre\u00e1mbulos estos son todos los cochecitos que hemos probado y puesto a prueba&#8230; \u00a1y nos siguen gustando!<\/p>\n<p>El mejor cochecito de viaje es&#8230;..<\/p>\n<p><a href=\"https:\/\/www.storkrentals.ie\/wp-content\/uploads\/2020\/08\/Yoyo-6-Small.jpg\"><img loading=\"lazy\" decoding=\"async\" class=\"alignnone size-full wp-image-706\" src=\"https:\/\/www.storkrentals.ie\/wp-content\/uploads\/2020\/08\/Yoyo-6-Small.jpg\" alt=\"mejor cochecito de viaje!\" width=\"660\" height=\"660\" \/><\/a><\/p>\n<h5><strong>Babyzen Yo- Yo 6+<\/strong><\/h5>\n<p>\u00a1Literalmente hecho para viajar!\u00a0Muy compacto y ligero pero tambi\u00e9n resistente.\u00a0Esta peque\u00f1a joya cabe en los compartimentos superiores para que puedas llevarla a bordo.\u00a0Parte del marco del chasis sirve como un asa para transportarlo, y tambi\u00e9n hay una correa acolchada para el hombro.\u00a0Este dise\u00f1o ha sido copiado por todas las grandes marcas, \u00a1pero Yoyo son los originales!\u00a0\u00a1A nosotros en Stork Exchange nos encanta totalmente, es tan bueno que ahora lo almacenamos en todas nuestras localizaciones!\u00a0Sin embargo los \u00fanicos puntos negativos en su contra son que no se puede plegar con una mano y es caro.<\/p>\n<h5><strong>Cochecito de viaje ultracompacto: Globe de Ickle Bubba.<\/strong><\/h5>\n<p><a href=\"https:\/\/www.storkrentals.ie\/wp-content\/uploads\/2020\/08\/Ickle-Bubba-685x1024-1.jpg\"><img loading=\"lazy\" decoding=\"async\" class=\"alignnone wp-image-707\" src=\"https:\/\/www.storkrentals.ie\/wp-content\/uploads\/2020\/08\/Ickle-Bubba-685x1024-1.jpg\" alt=\"Globe Ickle Bubba\" width=\"345\" height=\"515\" \/><\/a><\/p>\n<p>Un poco complicado, pero estamos realmente impresionados con \u00e9ste modelo como un cochecito de viaje.\u00a0Buen precio, tiene exactamente las mismas caracter\u00edsticas que el Yoyo.\u00a0(Es tan parecido que alguien debe estar llorando \u201cimitador\u201d todo el camino hacia la oficina de patentes).\u00a0Viene con protector de lluvia (para vacaciones en Irlanda) y la capota extensible tiene SPF50 (\u00a1para vacaciones en cualquier otro lugar!).<\/p>\n<p>&nbsp;<\/p>\n<h5><strong>Cochecito de Monta\u00f1a Nano<em>.<\/em><\/strong><\/h5>\n<p>Otro cochecito realmente genial que cumple todos los requisitos para un cochecito de viaje.\u00a0Ligero, compacto, f\u00e1cil de plegar.\u00a0La \u00fanica pega es la adici\u00f3n de una cubierta protectora para que sea adecuado desde el nacimiento, lo que va en contra de mi regla de &#8220;doblar en una sola pieza&#8221;.\u00a0Sin embargo su sobresaliente caracter\u00edstica es el accesorio buggyboard (patinete hecho para acoplarse al cochecito).\u00a0Llamado &#8216;freerider&#8217;, es esencialmente un buggyboard que se convierte en patinete&#8230; una genialidad por muchas razones.<\/p>\n<h5><strong>MacLaren TechnoXT<em>.<\/em><\/strong><\/h5>\n<p>El carrito de viaje ha recorrido un largo camino (perd\u00f3n por el juego de palabras) desde los d\u00edas en que los cochecitos con sombrillas eran su \u00fanica opci\u00f3n. Afortunadamente no me gustan los &#8220;cochecitos de sombrillas&#8221; en general, y rara vez los considero para nuestro negocio. Son cochecitos baratos, &#8216;desechables&#8217; que se amontonan como desperdicio en las salas de equipaje de los aeropuertos. Me refiero a barato en el sentido de que se percibe baja calidad; no son resistentes, lo que los convierte en martirio y un viaje lleno de baches para el pasajero. \u00a1A menudo parece que el marco se va a romper cuando subes un bordillo!<\/p>\n<p>La \u00fanica excepci\u00f3n a esto es el MacLaren Techno XT. \u00a1Un &#8220;Ford Focus&#8221; al estilo del Jaguar de Yoyo! No es tan bonito, pero este cochecito compensa su simple apariencia de Jane al proporcionar un andar estable y bien dise\u00f1ado. Usamos este modelo para una prueba de cochecitos de cortes\u00eda en el aeropuerto de Dubl\u00edn, \u00a1as\u00ed de s\u00f3lidos son!<\/p>\n<p><a href=\"https:\/\/www.storkrentals.ie\/wp-content\/uploads\/2020\/08\/MacLaren-Techno-XT.jpg\"><img loading=\"lazy\" decoding=\"async\" class=\"alignnone wp-image-709\" src=\"https:\/\/www.storkrentals.ie\/wp-content\/uploads\/2020\/08\/MacLaren-Techno-XT.jpg\" alt=\"\" width=\"428\" height=\"514\" \/><\/a><\/p>\n<p>&nbsp;<\/p>\n<p><strong>Baby Jogger Citi Mini\u00a0.<\/strong><\/p>\n<p>De acuerdo, lo s\u00e9&#8230; t\u00e9cnicamente no es para nada un carrito de viaje, pero es una de nuestras firmas favoritas en Stork Exchange.\u00a0Este es un ejemplo de ese raro esp\u00e9cimen;\u00a0un cochecito de uso diario que sirve igualmente como cochecito de viaje.\u00a0Es tan \u00e1gil y f\u00e1cil de maniobrar, que no\u00a0importa el mejor plegado de cualquier otro cochecito.\u00a0\u00a1Literalmente podr\u00eda plegar este cochecito con una mano, con los ojos cerrados y su hijo peque\u00f1o revolvi\u00e9ndose en su cadera!\u00a0No\u00a0tiene la misma forma de maleta compacta de cabina cuando est\u00e1 plegada, pero es muy cuadrada y plana.\u00a0Muy \u00fatil para el maletero del coche, pero desafortunadamente tendr\u00eda que ir en la bodega del avi\u00f3n.\u00a0Su \u00fanico defecto est\u00e1 en mi libro.<\/p>\n<p>Tienes\u00a0el cochecito<em>,\u00a0<\/em>ahora sigue nuestros consejos sobre\u00a0\u00a0qu\u00e9 hacer si la aerol\u00ednea\u00a0contin\u00faa rompiendo tu carrito<em>.<\/em><\/p>\n<p>&nbsp;<\/p>\n","protected":false},"excerpt":{"rendered":"<p>Viajes en avi\u00f3n, vacaciones familiares, en nuestra l\u00ednea de trabajo (alquiler de art\u00edculos para beb\u00e9s) siempre estamos buscando excelentes productos de viaje. \u00a1Probamos muchos, pero muy pocos conforman la selecci\u00f3n final! Somos como el factor X de los equipos para beb\u00e9s! Un cochecito de viaje es una cosa ligeramente diferente a tu cochecito de todos [&hellip;]<\/p>\n","protected":false},"author":4,"featured_media":936,"comment_status":"open","ping_status":"open","sticky":false,"template":"","format":"standard","meta":{"_acf_changed":false,"footnotes":""},"categories":[1],"tags":[],"class_list":["post-1499","post","type-post","status-publish","format-standard","has-post-thumbnail","hentry","category-uncategorized"],"acf":[],"yoast_head":"<!-- This site is optimized with the Yoast SEO plugin v27.0 - https:\/\/yoast.com\/product\/yoast-seo-wordpress\/ -->\n<title>Stork Recomienda: Los 4 Mejores Cochecitos de Viaje - Alicante, Spain<\/title>\n<meta name=\"description\" content=\"Un cochecito de viaje es una cosa ligeramente diferente a tu cochecito de todos los d\u00edas.\" \/>\n<meta name=\"robots\" content=\"index, follow, max-snippet:-1, max-image-preview:large, max-video-preview:-1\" \/>\n<link rel=\"canonical\" href=\"https:\/\/www.storkrentals.ie\/alicante\/stork-recomienda-los-4-mejores-cochecitos-de-viaje\/\" \/>\n<meta property=\"og:locale\" content=\"en_US\" \/>\n<meta property=\"og:type\" content=\"article\" \/>\n<meta property=\"og:title\" content=\"Stork Recomienda: Los 4 Mejores Cochecitos de Viaje - Alicante, Spain\" \/>\n<meta property=\"og:description\" content=\"Un cochecito de viaje es una cosa ligeramente diferente a tu cochecito de todos los d\u00edas.\" \/>\n<meta property=\"og:url\" content=\"https:\/\/www.storkrentals.ie\/alicante\/stork-recomienda-los-4-mejores-cochecitos-de-viaje\/\" \/>\n<meta property=\"og:site_name\" content=\"Alicante, Spain\" \/>\n<meta property=\"article:published_time\" content=\"2022-01-26T10:51:10+00:00\" \/>\n<meta property=\"og:image\" content=\"https:\/\/www.storkrentals.ie\/alicante\/wp-content\/uploads\/sites\/4\/2020\/04\/travel_prams_lifestyle_carry-on.jpg\" \/>\n\t<meta property=\"og:image:width\" content=\"750\" \/>\n\t<meta property=\"og:image:height\" content=\"500\" \/>\n\t<meta property=\"og:image:type\" content=\"image\/jpeg\" \/>\n<meta name=\"author\" content=\"Olivia\" \/>\n<meta name=\"twitter:card\" content=\"summary_large_image\" \/>\n<meta name=\"twitter:label1\" content=\"Written by\" \/>\n\t<meta name=\"twitter:data1\" content=\"Olivia\" \/>\n\t<meta name=\"twitter:label2\" content=\"Est. reading time\" \/>\n\t<meta name=\"twitter:data2\" content=\"5 minutes\" \/>\n<script type=\"application\/ld+json\" class=\"yoast-schema-graph\">{\"@context\":\"https:\/\/schema.org\",\"@graph\":[{\"@type\":\"Article\",\"@id\":\"https:\/\/www.storkrentals.ie\/alicante\/stork-recomienda-los-4-mejores-cochecitos-de-viaje\/#article\",\"isPartOf\":{\"@id\":\"https:\/\/www.storkrentals.ie\/alicante\/stork-recomienda-los-4-mejores-cochecitos-de-viaje\/\"},\"author\":{\"name\":\"Olivia\",\"@id\":\"https:\/\/www.storkrentals.ie\/alicante\/#\/schema\/person\/833b9ad8e6dc5b02d070173eefe63054\"},\"headline\":\"Stork Recomienda: Los 4 Mejores Cochecitos de Viaje\",\"datePublished\":\"2022-01-26T10:51:10+00:00\",\"mainEntityOfPage\":{\"@id\":\"https:\/\/www.storkrentals.ie\/alicante\/stork-recomienda-los-4-mejores-cochecitos-de-viaje\/\"},\"wordCount\":879,\"commentCount\":0,\"publisher\":{\"@id\":\"https:\/\/www.storkrentals.ie\/alicante\/#organization\"},\"image\":{\"@id\":\"https:\/\/www.storkrentals.ie\/alicante\/stork-recomienda-los-4-mejores-cochecitos-de-viaje\/#primaryimage\"},\"thumbnailUrl\":\"https:\/\/www.storkrentals.ie\/alicante\/wp-content\/uploads\/sites\/4\/2020\/04\/travel_prams_lifestyle_carry-on.jpg\",\"inLanguage\":\"en-US\",\"potentialAction\":[{\"@type\":\"CommentAction\",\"name\":\"Comment\",\"target\":[\"https:\/\/www.storkrentals.ie\/alicante\/stork-recomienda-los-4-mejores-cochecitos-de-viaje\/#respond\"]}]},{\"@type\":\"WebPage\",\"@id\":\"https:\/\/www.storkrentals.ie\/alicante\/stork-recomienda-los-4-mejores-cochecitos-de-viaje\/\",\"url\":\"https:\/\/www.storkrentals.ie\/alicante\/stork-recomienda-los-4-mejores-cochecitos-de-viaje\/\",\"name\":\"Stork Recomienda: Los 4 Mejores Cochecitos de Viaje - Alicante, Spain\",\"isPartOf\":{\"@id\":\"https:\/\/www.storkrentals.ie\/alicante\/#website\"},\"primaryImageOfPage\":{\"@id\":\"https:\/\/www.storkrentals.ie\/alicante\/stork-recomienda-los-4-mejores-cochecitos-de-viaje\/#primaryimage\"},\"image\":{\"@id\":\"https:\/\/www.storkrentals.ie\/alicante\/stork-recomienda-los-4-mejores-cochecitos-de-viaje\/#primaryimage\"},\"thumbnailUrl\":\"https:\/\/www.storkrentals.ie\/alicante\/wp-content\/uploads\/sites\/4\/2020\/04\/travel_prams_lifestyle_carry-on.jpg\",\"datePublished\":\"2022-01-26T10:51:10+00:00\",\"description\":\"Un cochecito de viaje es una cosa ligeramente diferente a tu cochecito de todos los d\u00edas.\",\"breadcrumb\":{\"@id\":\"https:\/\/www.storkrentals.ie\/alicante\/stork-recomienda-los-4-mejores-cochecitos-de-viaje\/#breadcrumb\"},\"inLanguage\":\"en-US\",\"potentialAction\":[{\"@type\":\"ReadAction\",\"target\":[\"https:\/\/www.storkrentals.ie\/alicante\/stork-recomienda-los-4-mejores-cochecitos-de-viaje\/\"]}]},{\"@type\":\"ImageObject\",\"inLanguage\":\"en-US\",\"@id\":\"https:\/\/www.storkrentals.ie\/alicante\/stork-recomienda-los-4-mejores-cochecitos-de-viaje\/#primaryimage\",\"url\":\"https:\/\/www.storkrentals.ie\/alicante\/wp-content\/uploads\/sites\/4\/2020\/04\/travel_prams_lifestyle_carry-on.jpg\",\"contentUrl\":\"https:\/\/www.storkrentals.ie\/alicante\/wp-content\/uploads\/sites\/4\/2020\/04\/travel_prams_lifestyle_carry-on.jpg\",\"width\":750,\"height\":500},{\"@type\":\"BreadcrumbList\",\"@id\":\"https:\/\/www.storkrentals.ie\/alicante\/stork-recomienda-los-4-mejores-cochecitos-de-viaje\/#breadcrumb\",\"itemListElement\":[{\"@type\":\"ListItem\",\"position\":1,\"name\":\"Home\",\"item\":\"https:\/\/www.storkrentals.ie\/alicante\/\"},{\"@type\":\"ListItem\",\"position\":2,\"name\":\"Stork Recomienda: Los 4 Mejores Cochecitos de Viaje\"}]},{\"@type\":\"WebSite\",\"@id\":\"https:\/\/www.storkrentals.ie\/alicante\/#website\",\"url\":\"https:\/\/www.storkrentals.ie\/alicante\/\",\"name\":\"Alicante, Spain\",\"description\":\"\",\"publisher\":{\"@id\":\"https:\/\/www.storkrentals.ie\/alicante\/#organization\"},\"potentialAction\":[{\"@type\":\"SearchAction\",\"target\":{\"@type\":\"EntryPoint\",\"urlTemplate\":\"https:\/\/www.storkrentals.ie\/alicante\/?s={search_term_string}\"},\"query-input\":{\"@type\":\"PropertyValueSpecification\",\"valueRequired\":true,\"valueName\":\"search_term_string\"}}],\"inLanguage\":\"en-US\"},{\"@type\":\"Organization\",\"@id\":\"https:\/\/www.storkrentals.ie\/alicante\/#organization\",\"name\":\"Alicante, Spain\",\"url\":\"https:\/\/www.storkrentals.ie\/alicante\/\",\"logo\":{\"@type\":\"ImageObject\",\"inLanguage\":\"en-US\",\"@id\":\"https:\/\/www.storkrentals.ie\/alicante\/#\/schema\/logo\/image\/\",\"url\":\"https:\/\/www.storkrentals.ie\/alicante\/wp-content\/uploads\/sites\/4\/2023\/04\/173815-TSE-Logo-stork-rentals-big-1.png\",\"contentUrl\":\"https:\/\/www.storkrentals.ie\/alicante\/wp-content\/uploads\/sites\/4\/2023\/04\/173815-TSE-Logo-stork-rentals-big-1.png\",\"width\":387,\"height\":92,\"caption\":\"Alicante, Spain\"},\"image\":{\"@id\":\"https:\/\/www.storkrentals.ie\/alicante\/#\/schema\/logo\/image\/\"}},{\"@type\":\"Person\",\"@id\":\"https:\/\/www.storkrentals.ie\/alicante\/#\/schema\/person\/833b9ad8e6dc5b02d070173eefe63054\",\"name\":\"Olivia\",\"image\":{\"@type\":\"ImageObject\",\"inLanguage\":\"en-US\",\"@id\":\"https:\/\/www.storkrentals.ie\/alicante\/#\/schema\/person\/image\/\",\"url\":\"https:\/\/secure.gravatar.com\/avatar\/24896d03f358fffc4ff658dd19518b5501827e5dc53f582d2bd0f4463ef43861?s=96&d=mm&r=g\",\"contentUrl\":\"https:\/\/secure.gravatar.com\/avatar\/24896d03f358fffc4ff658dd19518b5501827e5dc53f582d2bd0f4463ef43861?s=96&d=mm&r=g\",\"caption\":\"Olivia\"},\"url\":\"https:\/\/www.storkrentals.ie\/alicante\/author\/olivia\/\"}]}<\/script>\n<!-- \/ Yoast SEO plugin. -->","yoast_head_json":{"title":"Stork Recomienda: Los 4 Mejores Cochecitos de Viaje - Alicante, Spain","description":"Un cochecito de viaje es una cosa ligeramente diferente a tu cochecito de todos los d\u00edas.","robots":{"index":"index","follow":"follow","max-snippet":"max-snippet:-1","max-image-preview":"max-image-preview:large","max-video-preview":"max-video-preview:-1"},"canonical":"https:\/\/www.storkrentals.ie\/alicante\/stork-recomienda-los-4-mejores-cochecitos-de-viaje\/","og_locale":"en_US","og_type":"article","og_title":"Stork Recomienda: Los 4 Mejores Cochecitos de Viaje - Alicante, Spain","og_description":"Un cochecito de viaje es una cosa ligeramente diferente a tu cochecito de todos los d\u00edas.","og_url":"https:\/\/www.storkrentals.ie\/alicante\/stork-recomienda-los-4-mejores-cochecitos-de-viaje\/","og_site_name":"Alicante, Spain","article_published_time":"2022-01-26T10:51:10+00:00","og_image":[{"width":750,"height":500,"url":"https:\/\/www.storkrentals.ie\/alicante\/wp-content\/uploads\/sites\/4\/2020\/04\/travel_prams_lifestyle_carry-on.jpg","type":"image\/jpeg"}],"author":"Olivia","twitter_card":"summary_large_image","twitter_misc":{"Written by":"Olivia","Est. reading time":"5 minutes"},"schema":{"@context":"https:\/\/schema.org","@graph":[{"@type":"Article","@id":"https:\/\/www.storkrentals.ie\/alicante\/stork-recomienda-los-4-mejores-cochecitos-de-viaje\/#article","isPartOf":{"@id":"https:\/\/www.storkrentals.ie\/alicante\/stork-recomienda-los-4-mejores-cochecitos-de-viaje\/"},"author":{"name":"Olivia","@id":"https:\/\/www.storkrentals.ie\/alicante\/#\/schema\/person\/833b9ad8e6dc5b02d070173eefe63054"},"headline":"Stork Recomienda: Los 4 Mejores Cochecitos de Viaje","datePublished":"2022-01-26T10:51:10+00:00","mainEntityOfPage":{"@id":"https:\/\/www.storkrentals.ie\/alicante\/stork-recomienda-los-4-mejores-cochecitos-de-viaje\/"},"wordCount":879,"commentCount":0,"publisher":{"@id":"https:\/\/www.storkrentals.ie\/alicante\/#organization"},"image":{"@id":"https:\/\/www.storkrentals.ie\/alicante\/stork-recomienda-los-4-mejores-cochecitos-de-viaje\/#primaryimage"},"thumbnailUrl":"https:\/\/www.storkrentals.ie\/alicante\/wp-content\/uploads\/sites\/4\/2020\/04\/travel_prams_lifestyle_carry-on.jpg","inLanguage":"en-US","potentialAction":[{"@type":"CommentAction","name":"Comment","target":["https:\/\/www.storkrentals.ie\/alicante\/stork-recomienda-los-4-mejores-cochecitos-de-viaje\/#respond"]}]},{"@type":"WebPage","@id":"https:\/\/www.storkrentals.ie\/alicante\/stork-recomienda-los-4-mejores-cochecitos-de-viaje\/","url":"https:\/\/www.storkrentals.ie\/alicante\/stork-recomienda-los-4-mejores-cochecitos-de-viaje\/","name":"Stork Recomienda: Los 4 Mejores Cochecitos de Viaje - Alicante, Spain","isPartOf":{"@id":"https:\/\/www.storkrentals.ie\/alicante\/#website"},"primaryImageOfPage":{"@id":"https:\/\/www.storkrentals.ie\/alicante\/stork-recomienda-los-4-mejores-cochecitos-de-viaje\/#primaryimage"},"image":{"@id":"https:\/\/www.storkrentals.ie\/alicante\/stork-recomienda-los-4-mejores-cochecitos-de-viaje\/#primaryimage"},"thumbnailUrl":"https:\/\/www.storkrentals.ie\/alicante\/wp-content\/uploads\/sites\/4\/2020\/04\/travel_prams_lifestyle_carry-on.jpg","datePublished":"2022-01-26T10:51:10+00:00","description":"Un cochecito de viaje es una cosa ligeramente diferente a tu cochecito de todos los d\u00edas.","breadcrumb":{"@id":"https:\/\/www.storkrentals.ie\/alicante\/stork-recomienda-los-4-mejores-cochecitos-de-viaje\/#breadcrumb"},"inLanguage":"en-US","potentialAction":[{"@type":"ReadAction","target":["https:\/\/www.storkrentals.ie\/alicante\/stork-recomienda-los-4-mejores-cochecitos-de-viaje\/"]}]},{"@type":"ImageObject","inLanguage":"en-US","@id":"https:\/\/www.storkrentals.ie\/alicante\/stork-recomienda-los-4-mejores-cochecitos-de-viaje\/#primaryimage","url":"https:\/\/www.storkrentals.ie\/alicante\/wp-content\/uploads\/sites\/4\/2020\/04\/travel_prams_lifestyle_carry-on.jpg","contentUrl":"https:\/\/www.storkrentals.ie\/alicante\/wp-content\/uploads\/sites\/4\/2020\/04\/travel_prams_lifestyle_carry-on.jpg","width":750,"height":500},{"@type":"BreadcrumbList","@id":"https:\/\/www.storkrentals.ie\/alicante\/stork-recomienda-los-4-mejores-cochecitos-de-viaje\/#breadcrumb","itemListElement":[{"@type":"ListItem","position":1,"name":"Home","item":"https:\/\/www.storkrentals.ie\/alicante\/"},{"@type":"ListItem","position":2,"name":"Stork Recomienda: Los 4 Mejores Cochecitos de Viaje"}]},{"@type":"WebSite","@id":"https:\/\/www.storkrentals.ie\/alicante\/#website","url":"https:\/\/www.storkrentals.ie\/alicante\/","name":"Alicante, Spain","description":"","publisher":{"@id":"https:\/\/www.storkrentals.ie\/alicante\/#organization"},"potentialAction":[{"@type":"SearchAction","target":{"@type":"EntryPoint","urlTemplate":"https:\/\/www.storkrentals.ie\/alicante\/?s={search_term_string}"},"query-input":{"@type":"PropertyValueSpecification","valueRequired":true,"valueName":"search_term_string"}}],"inLanguage":"en-US"},{"@type":"Organization","@id":"https:\/\/www.storkrentals.ie\/alicante\/#organization","name":"Alicante, Spain","url":"https:\/\/www.storkrentals.ie\/alicante\/","logo":{"@type":"ImageObject","inLanguage":"en-US","@id":"https:\/\/www.storkrentals.ie\/alicante\/#\/schema\/logo\/image\/","url":"https:\/\/www.storkrentals.ie\/alicante\/wp-content\/uploads\/sites\/4\/2023\/04\/173815-TSE-Logo-stork-rentals-big-1.png","contentUrl":"https:\/\/www.storkrentals.ie\/alicante\/wp-content\/uploads\/sites\/4\/2023\/04\/173815-TSE-Logo-stork-rentals-big-1.png","width":387,"height":92,"caption":"Alicante, Spain"},"image":{"@id":"https:\/\/www.storkrentals.ie\/alicante\/#\/schema\/logo\/image\/"}},{"@type":"Person","@id":"https:\/\/www.storkrentals.ie\/alicante\/#\/schema\/person\/833b9ad8e6dc5b02d070173eefe63054","name":"Olivia","image":{"@type":"ImageObject","inLanguage":"en-US","@id":"https:\/\/www.storkrentals.ie\/alicante\/#\/schema\/person\/image\/","url":"https:\/\/secure.gravatar.com\/avatar\/24896d03f358fffc4ff658dd19518b5501827e5dc53f582d2bd0f4463ef43861?s=96&d=mm&r=g","contentUrl":"https:\/\/secure.gravatar.com\/avatar\/24896d03f358fffc4ff658dd19518b5501827e5dc53f582d2bd0f4463ef43861?s=96&d=mm&r=g","caption":"Olivia"},"url":"https:\/\/www.storkrentals.ie\/alicante\/author\/olivia\/"}]}},"jetpack_featured_media_url":"https:\/\/www.storkrentals.ie\/alicante\/wp-content\/uploads\/sites\/4\/2020\/04\/travel_prams_lifestyle_carry-on.jpg","_links":{"self":[{"href":"https:\/\/www.storkrentals.ie\/alicante\/wp-json\/wp\/v2\/posts\/1499","targetHints":{"allow":["GET"]}}],"collection":[{"href":"https:\/\/www.storkrentals.ie\/alicante\/wp-json\/wp\/v2\/posts"}],"about":[{"href":"https:\/\/www.storkrentals.ie\/alicante\/wp-json\/wp\/v2\/types\/post"}],"author":[{"embeddable":true,"href":"https:\/\/www.storkrentals.ie\/alicante\/wp-json\/wp\/v2\/users\/4"}],"replies":[{"embeddable":true,"href":"https:\/\/www.storkrentals.ie\/alicante\/wp-json\/wp\/v2\/comments?post=1499"}],"version-history":[{"count":2,"href":"https:\/\/www.storkrentals.ie\/alicante\/wp-json\/wp\/v2\/posts\/1499\/revisions"}],"predecessor-version":[{"id":1501,"href":"https:\/\/www.storkrentals.ie\/alicante\/wp-json\/wp\/v2\/posts\/1499\/revisions\/1501"}],"wp:featuredmedia":[{"embeddable":true,"href":"https:\/\/www.storkrentals.ie\/alicante\/wp-json\/wp\/v2\/media\/936"}],"wp:attachment":[{"href":"https:\/\/www.storkrentals.ie\/alicante\/wp-json\/wp\/v2\/media?parent=1499"}],"wp:term":[{"taxonomy":"category","embeddable":true,"href":"https:\/\/www.storkrentals.ie\/alicante\/wp-json\/wp\/v2\/categories?post=1499"},{"taxonomy":"post_tag","embeddable":true,"href":"https:\/\/www.storkrentals.ie\/alicante\/wp-json\/wp\/v2\/tags?post=1499"}],"curies":[{"name":"wp","href":"https:\/\/api.w.org\/{rel}","templated":true}]}}