
{"id":1444,"date":"2021-12-15T10:23:10","date_gmt":"2021-12-15T10:23:10","guid":{"rendered":"https:\/\/www.storkrentals.ie\/alicante\/?p=1444"},"modified":"2021-12-17T17:33:07","modified_gmt":"2021-12-17T17:33:07","slug":"family-christmas-in-malaga","status":"publish","type":"post","link":"https:\/\/www.storkrentals.ie\/alicante\/family-christmas-in-malaga\/","title":{"rendered":"Family Christmas in Malaga"},"content":{"rendered":"<p>What to do for a family Christmas in Malaga? If you are bringing the kids on holidays to the Spanish city for the festive season, you&#8217;ll need to know what to do! We asked our local TSE Rentals Malaguena, Sandra what families do, what\u2019s on, and what dates are important.<\/p>\n<h3><\/h3>\n<h3>Important Dates<\/h3>\n<p>Starting with dates, much like many continental European countries the Spanish celebrate Christmas on different days.\u00a0 The big family dinner is on the 24th of December. The 25<sup>th<\/sup> of December is a bank holiday, so you can expect many shops to be closed! On the 31<sup>st<\/sup> of December, the Spanish have a wonderful tradition called 12 Grapes. Basically, you must try and eat a grape for every strike of the countdown! It\u2019s actually great fun and honestly not that easy to do! On the 5<sup>th<\/sup> of January you have 3 Kings or &#8220;Cabalgatas de los Reyes Magos&#8221;. A procession of people dressed up as Kings or Wise Men through the streets of Malaga centre, throw sweets from their carriages! It&#8217;s a guaranteed hit with the kids!<\/p>\n<h3><\/h3>\n<h3>Christmas Lights<\/h3>\n<p>Malaga is a beautiful city, and even more so when they put up their Christmas lights.\u00a0 A visit to the &#8220;<a href=\"https:\/\/laslucesdelbotanicomalaga.com\/en\/\">Jard\u00edn Bot\u00e1nico de la Concepci\u00f3n<\/a>&#8221; is well worth the time as they have a special Christmas lights display. It&#8217;s an approximately 2.2 kilometer walk through the garden and the lights are amazing. It&#8217;s ticketed, and starts from 27th Nov and runs until the 9<sup>th<\/sup> of January.\u00a0 Calle Larios in Malaga centre also has spectacular winter lights and makes for a very festive shopping experience. And while you\u2019re in the centre looking at the lights, you can also see the Belenes de Navidad, or the traditional crib, on display!<\/p>\n<h3><\/h3>\n<h3>Visit Papa Noel<\/h3>\n<p>During the build up to Christmas, there are different activities and workshops\u00a0for\u00a0children at various locations throughout the city, such as the Miramar shopping centre\u00a0in Fuengirola. Activities such as visiting Pap\u00e1 Noel, storytellers and theatre are available, but it is necessary to get an appointment.<\/p>\n<h3><\/h3>\n<h3>Ice Skating<\/h3>\n<p>Probably not something usually associated with the hot southern Spanish city but you can go ice skating in winter beside El Corte Ingles in Malaga centre!<\/p>\n<p>So, a family Christmas in Malaga will provide plenty to do to keep the little ones entertained! And all that on top of the usual great shopping and food the city is well known for. And if with all the walking around the city, legs are getting tired, you can always <a href=\"https:\/\/www.storkrentals.ie\/alicante\/product\/rent-a-stroller\/\">hire a buggy<\/a> for the city break!<\/p>\n","protected":false},"excerpt":{"rendered":"<p>What to do for a family Christmas in Malaga? If you are bringing the kids on holidays to the Spanish city for the festive season, you&#8217;ll need to know what to do! We asked our local TSE Rentals Malaguena, Sandra what families do, what\u2019s on, and what dates are important. Important Dates Starting with dates, [&hellip;]<\/p>\n","protected":false},"author":4,"featured_media":1448,"comment_status":"open","ping_status":"open","sticky":false,"template":"","format":"standard","meta":{"_acf_changed":false,"footnotes":""},"categories":[17,19],"tags":[],"class_list":["post-1444","post","type-post","status-publish","format-standard","has-post-thumbnail","hentry","category-airline-travel","category-family-holidays"],"acf":[],"yoast_head":"<!-- This site is optimized with the Yoast SEO plugin v27.0 - https:\/\/yoast.com\/product\/yoast-seo-wordpress\/ -->\n<title>Family Christmas in Malaga - Alicante, Spain<\/title>\n<meta name=\"description\" content=\"If you&#039;re planning on spending a family Christmas in Malaga, we asked our local Malaguena what&#039;s on for kids and what the big days are!\" \/>\n<meta name=\"robots\" content=\"index, follow, max-snippet:-1, max-image-preview:large, max-video-preview:-1\" \/>\n<link rel=\"canonical\" href=\"https:\/\/www.storkrentals.ie\/alicante\/family-christmas-in-malaga\/\" \/>\n<meta property=\"og:locale\" content=\"en_US\" \/>\n<meta property=\"og:type\" content=\"article\" \/>\n<meta property=\"og:title\" content=\"Family Christmas in Malaga - Alicante, Spain\" \/>\n<meta property=\"og:description\" content=\"If you&#039;re planning on spending a family Christmas in Malaga, we asked our local Malaguena what&#039;s on for kids and what the big days are!\" \/>\n<meta property=\"og:url\" content=\"https:\/\/www.storkrentals.ie\/alicante\/family-christmas-in-malaga\/\" \/>\n<meta property=\"og:site_name\" content=\"Alicante, Spain\" \/>\n<meta property=\"article:published_time\" content=\"2021-12-15T10:23:10+00:00\" \/>\n<meta property=\"article:modified_time\" content=\"2021-12-17T17:33:07+00:00\" \/>\n<meta property=\"og:image\" content=\"https:\/\/www.storkrentals.ie\/alicante\/wp-content\/uploads\/sites\/4\/2021\/12\/christmas-lighting.jpg\" \/>\n\t<meta property=\"og:image:width\" content=\"1200\" \/>\n\t<meta property=\"og:image:height\" content=\"757\" \/>\n\t<meta property=\"og:image:type\" content=\"image\/jpeg\" \/>\n<meta name=\"author\" content=\"Olivia\" \/>\n<meta name=\"twitter:card\" content=\"summary_large_image\" \/>\n<meta name=\"twitter:label1\" content=\"Written by\" \/>\n\t<meta name=\"twitter:data1\" content=\"Olivia\" \/>\n\t<meta name=\"twitter:label2\" content=\"Est. reading time\" \/>\n\t<meta name=\"twitter:data2\" content=\"2 minutes\" \/>\n<script type=\"application\/ld+json\" class=\"yoast-schema-graph\">{\"@context\":\"https:\/\/schema.org\",\"@graph\":[{\"@type\":\"Article\",\"@id\":\"https:\/\/www.storkrentals.ie\/alicante\/family-christmas-in-malaga\/#article\",\"isPartOf\":{\"@id\":\"https:\/\/www.storkrentals.ie\/alicante\/family-christmas-in-malaga\/\"},\"author\":{\"name\":\"Olivia\",\"@id\":\"https:\/\/www.storkrentals.ie\/alicante\/#\/schema\/person\/833b9ad8e6dc5b02d070173eefe63054\"},\"headline\":\"Family Christmas in Malaga\",\"datePublished\":\"2021-12-15T10:23:10+00:00\",\"dateModified\":\"2021-12-17T17:33:07+00:00\",\"mainEntityOfPage\":{\"@id\":\"https:\/\/www.storkrentals.ie\/alicante\/family-christmas-in-malaga\/\"},\"wordCount\":431,\"commentCount\":0,\"publisher\":{\"@id\":\"https:\/\/www.storkrentals.ie\/alicante\/#organization\"},\"image\":{\"@id\":\"https:\/\/www.storkrentals.ie\/alicante\/family-christmas-in-malaga\/#primaryimage\"},\"thumbnailUrl\":\"https:\/\/www.storkrentals.ie\/alicante\/wp-content\/uploads\/sites\/4\/2021\/12\/christmas-lighting.jpg\",\"articleSection\":[\"Airline Travel\",\"Family Holidays\"],\"inLanguage\":\"en-US\",\"potentialAction\":[{\"@type\":\"CommentAction\",\"name\":\"Comment\",\"target\":[\"https:\/\/www.storkrentals.ie\/alicante\/family-christmas-in-malaga\/#respond\"]}]},{\"@type\":\"WebPage\",\"@id\":\"https:\/\/www.storkrentals.ie\/alicante\/family-christmas-in-malaga\/\",\"url\":\"https:\/\/www.storkrentals.ie\/alicante\/family-christmas-in-malaga\/\",\"name\":\"Family Christmas in Malaga - Alicante, Spain\",\"isPartOf\":{\"@id\":\"https:\/\/www.storkrentals.ie\/alicante\/#website\"},\"primaryImageOfPage\":{\"@id\":\"https:\/\/www.storkrentals.ie\/alicante\/family-christmas-in-malaga\/#primaryimage\"},\"image\":{\"@id\":\"https:\/\/www.storkrentals.ie\/alicante\/family-christmas-in-malaga\/#primaryimage\"},\"thumbnailUrl\":\"https:\/\/www.storkrentals.ie\/alicante\/wp-content\/uploads\/sites\/4\/2021\/12\/christmas-lighting.jpg\",\"datePublished\":\"2021-12-15T10:23:10+00:00\",\"dateModified\":\"2021-12-17T17:33:07+00:00\",\"description\":\"If you're planning on spending a family Christmas in Malaga, we asked our local Malaguena what's on for kids and what the big days are!\",\"breadcrumb\":{\"@id\":\"https:\/\/www.storkrentals.ie\/alicante\/family-christmas-in-malaga\/#breadcrumb\"},\"inLanguage\":\"en-US\",\"potentialAction\":[{\"@type\":\"ReadAction\",\"target\":[\"https:\/\/www.storkrentals.ie\/alicante\/family-christmas-in-malaga\/\"]}]},{\"@type\":\"ImageObject\",\"inLanguage\":\"en-US\",\"@id\":\"https:\/\/www.storkrentals.ie\/alicante\/family-christmas-in-malaga\/#primaryimage\",\"url\":\"https:\/\/www.storkrentals.ie\/alicante\/wp-content\/uploads\/sites\/4\/2021\/12\/christmas-lighting.jpg\",\"contentUrl\":\"https:\/\/www.storkrentals.ie\/alicante\/wp-content\/uploads\/sites\/4\/2021\/12\/christmas-lighting.jpg\",\"width\":1200,\"height\":757,\"caption\":\"Family Christmas in Malaga\"},{\"@type\":\"BreadcrumbList\",\"@id\":\"https:\/\/www.storkrentals.ie\/alicante\/family-christmas-in-malaga\/#breadcrumb\",\"itemListElement\":[{\"@type\":\"ListItem\",\"position\":1,\"name\":\"Home\",\"item\":\"https:\/\/www.storkrentals.ie\/alicante\/\"},{\"@type\":\"ListItem\",\"position\":2,\"name\":\"Family Christmas in Malaga\"}]},{\"@type\":\"WebSite\",\"@id\":\"https:\/\/www.storkrentals.ie\/alicante\/#website\",\"url\":\"https:\/\/www.storkrentals.ie\/alicante\/\",\"name\":\"Alicante, Spain\",\"description\":\"\",\"publisher\":{\"@id\":\"https:\/\/www.storkrentals.ie\/alicante\/#organization\"},\"potentialAction\":[{\"@type\":\"SearchAction\",\"target\":{\"@type\":\"EntryPoint\",\"urlTemplate\":\"https:\/\/www.storkrentals.ie\/alicante\/?s={search_term_string}\"},\"query-input\":{\"@type\":\"PropertyValueSpecification\",\"valueRequired\":true,\"valueName\":\"search_term_string\"}}],\"inLanguage\":\"en-US\"},{\"@type\":\"Organization\",\"@id\":\"https:\/\/www.storkrentals.ie\/alicante\/#organization\",\"name\":\"Alicante, Spain\",\"url\":\"https:\/\/www.storkrentals.ie\/alicante\/\",\"logo\":{\"@type\":\"ImageObject\",\"inLanguage\":\"en-US\",\"@id\":\"https:\/\/www.storkrentals.ie\/alicante\/#\/schema\/logo\/image\/\",\"url\":\"https:\/\/www.storkrentals.ie\/alicante\/wp-content\/uploads\/sites\/4\/2023\/04\/173815-TSE-Logo-stork-rentals-big-1.png\",\"contentUrl\":\"https:\/\/www.storkrentals.ie\/alicante\/wp-content\/uploads\/sites\/4\/2023\/04\/173815-TSE-Logo-stork-rentals-big-1.png\",\"width\":387,\"height\":92,\"caption\":\"Alicante, Spain\"},\"image\":{\"@id\":\"https:\/\/www.storkrentals.ie\/alicante\/#\/schema\/logo\/image\/\"}},{\"@type\":\"Person\",\"@id\":\"https:\/\/www.storkrentals.ie\/alicante\/#\/schema\/person\/833b9ad8e6dc5b02d070173eefe63054\",\"name\":\"Olivia\",\"image\":{\"@type\":\"ImageObject\",\"inLanguage\":\"en-US\",\"@id\":\"https:\/\/www.storkrentals.ie\/alicante\/#\/schema\/person\/image\/\",\"url\":\"https:\/\/secure.gravatar.com\/avatar\/24896d03f358fffc4ff658dd19518b5501827e5dc53f582d2bd0f4463ef43861?s=96&d=mm&r=g\",\"contentUrl\":\"https:\/\/secure.gravatar.com\/avatar\/24896d03f358fffc4ff658dd19518b5501827e5dc53f582d2bd0f4463ef43861?s=96&d=mm&r=g\",\"caption\":\"Olivia\"},\"url\":\"https:\/\/www.storkrentals.ie\/alicante\/author\/olivia\/\"}]}<\/script>\n<!-- \/ Yoast SEO plugin. -->","yoast_head_json":{"title":"Family Christmas in Malaga - Alicante, Spain","description":"If you're planning on spending a family Christmas in Malaga, we asked our local Malaguena what's on for kids and what the big days are!","robots":{"index":"index","follow":"follow","max-snippet":"max-snippet:-1","max-image-preview":"max-image-preview:large","max-video-preview":"max-video-preview:-1"},"canonical":"https:\/\/www.storkrentals.ie\/alicante\/family-christmas-in-malaga\/","og_locale":"en_US","og_type":"article","og_title":"Family Christmas in Malaga - Alicante, Spain","og_description":"If you're planning on spending a family Christmas in Malaga, we asked our local Malaguena what's on for kids and what the big days are!","og_url":"https:\/\/www.storkrentals.ie\/alicante\/family-christmas-in-malaga\/","og_site_name":"Alicante, Spain","article_published_time":"2021-12-15T10:23:10+00:00","article_modified_time":"2021-12-17T17:33:07+00:00","og_image":[{"width":1200,"height":757,"url":"https:\/\/www.storkrentals.ie\/alicante\/wp-content\/uploads\/sites\/4\/2021\/12\/christmas-lighting.jpg","type":"image\/jpeg"}],"author":"Olivia","twitter_card":"summary_large_image","twitter_misc":{"Written by":"Olivia","Est. reading time":"2 minutes"},"schema":{"@context":"https:\/\/schema.org","@graph":[{"@type":"Article","@id":"https:\/\/www.storkrentals.ie\/alicante\/family-christmas-in-malaga\/#article","isPartOf":{"@id":"https:\/\/www.storkrentals.ie\/alicante\/family-christmas-in-malaga\/"},"author":{"name":"Olivia","@id":"https:\/\/www.storkrentals.ie\/alicante\/#\/schema\/person\/833b9ad8e6dc5b02d070173eefe63054"},"headline":"Family Christmas in Malaga","datePublished":"2021-12-15T10:23:10+00:00","dateModified":"2021-12-17T17:33:07+00:00","mainEntityOfPage":{"@id":"https:\/\/www.storkrentals.ie\/alicante\/family-christmas-in-malaga\/"},"wordCount":431,"commentCount":0,"publisher":{"@id":"https:\/\/www.storkrentals.ie\/alicante\/#organization"},"image":{"@id":"https:\/\/www.storkrentals.ie\/alicante\/family-christmas-in-malaga\/#primaryimage"},"thumbnailUrl":"https:\/\/www.storkrentals.ie\/alicante\/wp-content\/uploads\/sites\/4\/2021\/12\/christmas-lighting.jpg","articleSection":["Airline Travel","Family Holidays"],"inLanguage":"en-US","potentialAction":[{"@type":"CommentAction","name":"Comment","target":["https:\/\/www.storkrentals.ie\/alicante\/family-christmas-in-malaga\/#respond"]}]},{"@type":"WebPage","@id":"https:\/\/www.storkrentals.ie\/alicante\/family-christmas-in-malaga\/","url":"https:\/\/www.storkrentals.ie\/alicante\/family-christmas-in-malaga\/","name":"Family Christmas in Malaga - Alicante, Spain","isPartOf":{"@id":"https:\/\/www.storkrentals.ie\/alicante\/#website"},"primaryImageOfPage":{"@id":"https:\/\/www.storkrentals.ie\/alicante\/family-christmas-in-malaga\/#primaryimage"},"image":{"@id":"https:\/\/www.storkrentals.ie\/alicante\/family-christmas-in-malaga\/#primaryimage"},"thumbnailUrl":"https:\/\/www.storkrentals.ie\/alicante\/wp-content\/uploads\/sites\/4\/2021\/12\/christmas-lighting.jpg","datePublished":"2021-12-15T10:23:10+00:00","dateModified":"2021-12-17T17:33:07+00:00","description":"If you're planning on spending a family Christmas in Malaga, we asked our local Malaguena what's on for kids and what the big days are!","breadcrumb":{"@id":"https:\/\/www.storkrentals.ie\/alicante\/family-christmas-in-malaga\/#breadcrumb"},"inLanguage":"en-US","potentialAction":[{"@type":"ReadAction","target":["https:\/\/www.storkrentals.ie\/alicante\/family-christmas-in-malaga\/"]}]},{"@type":"ImageObject","inLanguage":"en-US","@id":"https:\/\/www.storkrentals.ie\/alicante\/family-christmas-in-malaga\/#primaryimage","url":"https:\/\/www.storkrentals.ie\/alicante\/wp-content\/uploads\/sites\/4\/2021\/12\/christmas-lighting.jpg","contentUrl":"https:\/\/www.storkrentals.ie\/alicante\/wp-content\/uploads\/sites\/4\/2021\/12\/christmas-lighting.jpg","width":1200,"height":757,"caption":"Family Christmas in Malaga"},{"@type":"BreadcrumbList","@id":"https:\/\/www.storkrentals.ie\/alicante\/family-christmas-in-malaga\/#breadcrumb","itemListElement":[{"@type":"ListItem","position":1,"name":"Home","item":"https:\/\/www.storkrentals.ie\/alicante\/"},{"@type":"ListItem","position":2,"name":"Family Christmas in Malaga"}]},{"@type":"WebSite","@id":"https:\/\/www.storkrentals.ie\/alicante\/#website","url":"https:\/\/www.storkrentals.ie\/alicante\/","name":"Alicante, Spain","description":"","publisher":{"@id":"https:\/\/www.storkrentals.ie\/alicante\/#organization"},"potentialAction":[{"@type":"SearchAction","target":{"@type":"EntryPoint","urlTemplate":"https:\/\/www.storkrentals.ie\/alicante\/?s={search_term_string}"},"query-input":{"@type":"PropertyValueSpecification","valueRequired":true,"valueName":"search_term_string"}}],"inLanguage":"en-US"},{"@type":"Organization","@id":"https:\/\/www.storkrentals.ie\/alicante\/#organization","name":"Alicante, Spain","url":"https:\/\/www.storkrentals.ie\/alicante\/","logo":{"@type":"ImageObject","inLanguage":"en-US","@id":"https:\/\/www.storkrentals.ie\/alicante\/#\/schema\/logo\/image\/","url":"https:\/\/www.storkrentals.ie\/alicante\/wp-content\/uploads\/sites\/4\/2023\/04\/173815-TSE-Logo-stork-rentals-big-1.png","contentUrl":"https:\/\/www.storkrentals.ie\/alicante\/wp-content\/uploads\/sites\/4\/2023\/04\/173815-TSE-Logo-stork-rentals-big-1.png","width":387,"height":92,"caption":"Alicante, Spain"},"image":{"@id":"https:\/\/www.storkrentals.ie\/alicante\/#\/schema\/logo\/image\/"}},{"@type":"Person","@id":"https:\/\/www.storkrentals.ie\/alicante\/#\/schema\/person\/833b9ad8e6dc5b02d070173eefe63054","name":"Olivia","image":{"@type":"ImageObject","inLanguage":"en-US","@id":"https:\/\/www.storkrentals.ie\/alicante\/#\/schema\/person\/image\/","url":"https:\/\/secure.gravatar.com\/avatar\/24896d03f358fffc4ff658dd19518b5501827e5dc53f582d2bd0f4463ef43861?s=96&d=mm&r=g","contentUrl":"https:\/\/secure.gravatar.com\/avatar\/24896d03f358fffc4ff658dd19518b5501827e5dc53f582d2bd0f4463ef43861?s=96&d=mm&r=g","caption":"Olivia"},"url":"https:\/\/www.storkrentals.ie\/alicante\/author\/olivia\/"}]}},"jetpack_featured_media_url":"https:\/\/www.storkrentals.ie\/alicante\/wp-content\/uploads\/sites\/4\/2021\/12\/christmas-lighting.jpg","_links":{"self":[{"href":"https:\/\/www.storkrentals.ie\/alicante\/wp-json\/wp\/v2\/posts\/1444","targetHints":{"allow":["GET"]}}],"collection":[{"href":"https:\/\/www.storkrentals.ie\/alicante\/wp-json\/wp\/v2\/posts"}],"about":[{"href":"https:\/\/www.storkrentals.ie\/alicante\/wp-json\/wp\/v2\/types\/post"}],"author":[{"embeddable":true,"href":"https:\/\/www.storkrentals.ie\/alicante\/wp-json\/wp\/v2\/users\/4"}],"replies":[{"embeddable":true,"href":"https:\/\/www.storkrentals.ie\/alicante\/wp-json\/wp\/v2\/comments?post=1444"}],"version-history":[{"count":6,"href":"https:\/\/www.storkrentals.ie\/alicante\/wp-json\/wp\/v2\/posts\/1444\/revisions"}],"predecessor-version":[{"id":1453,"href":"https:\/\/www.storkrentals.ie\/alicante\/wp-json\/wp\/v2\/posts\/1444\/revisions\/1453"}],"wp:featuredmedia":[{"embeddable":true,"href":"https:\/\/www.storkrentals.ie\/alicante\/wp-json\/wp\/v2\/media\/1448"}],"wp:attachment":[{"href":"https:\/\/www.storkrentals.ie\/alicante\/wp-json\/wp\/v2\/media?parent=1444"}],"wp:term":[{"taxonomy":"category","embeddable":true,"href":"https:\/\/www.storkrentals.ie\/alicante\/wp-json\/wp\/v2\/categories?post=1444"},{"taxonomy":"post_tag","embeddable":true,"href":"https:\/\/www.storkrentals.ie\/alicante\/wp-json\/wp\/v2\/tags?post=1444"}],"curies":[{"name":"wp","href":"https:\/\/api.w.org\/{rel}","templated":true}]}}